{"id":179,"date":"2017-05-17T10:10:22","date_gmt":"2017-05-17T10:10:22","guid":{"rendered":"http:\/\/www.escolesblaves.cat\/?p=179"},"modified":"2017-05-17T12:41:29","modified_gmt":"2017-05-17T12:41:29","slug":"mar-ciencia-terres-lebre","status":"publish","type":"post","link":"http:\/\/www.escolesblaves.cat\/en\/2017\/05\/17\/mar-ciencia-terres-lebre\/","title":{"rendered":"Mar, Ci\u00e8ncia i les Terres de l&#8217;Ebre"},"content":{"rendered":"<p><span style=\"font-weight: 400;\">D<img loading=\"lazy\" class=\"alignleft wp-image-160\" src=\"http:\/\/www.escolesblaves.cat\/wp-content\/uploads\/2017\/05\/Cartells-Xerrades-biblioteques-04-724x1024.png\" alt=\"\" width=\"350\" height=\"495\" srcset=\"https:\/\/www.escolesblaves.cat\/wp-content\/uploads\/2017\/05\/Cartells-Xerrades-biblioteques-04-724x1024.png 724w, https:\/\/www.escolesblaves.cat\/wp-content\/uploads\/2017\/05\/Cartells-Xerrades-biblioteques-04-212x300.png 212w, https:\/\/www.escolesblaves.cat\/wp-content\/uploads\/2017\/05\/Cartells-Xerrades-biblioteques-04-768x1086.png 768w, https:\/\/www.escolesblaves.cat\/wp-content\/uploads\/2017\/05\/Cartells-Xerrades-biblioteques-04.png 1240w\" sizes=\"(max-width: 350px) 100vw, 350px\" \/>urant tot el projecte es faran una s\u00e8rie de xerrades i tallers interactius a les biblioteques o centres c\u00edvics de diferents poblacions de les comarques del Baix Ebre i la Ribera d\u2019Ebre. <\/span><\/p>\n<p>L\u2019objectiu d\u2019aquestes activitats \u00e9s donar a con\u00e8ixer el patrimoni natural mar\u00ed i costaner de les comarques de l\u2019Ebre, aix\u00ed com la recerca cient\u00edfica que s\u2019est\u00e0 duent a terme en aquest territori. Aix\u00ed doncs, sota el t\u00edtol \u201cMar, ci\u00e8ncia i les Terres de l\u2019Ebre\u201d recorrerem el territori \u00a0apropant al ciutad\u00e0 els secrets i les meravelles de les nostres costes.<\/p>\n<p>Per con\u00e8ixer quines son les properes xerrades:<\/p>\n<p><span style=\"font-weight: 400;\"><a href=\"http:\/\/www.escolesblaves.cat\/en\/events\/\">Consultar el nostre calendari<\/a><\/span><\/p>\n<p>&nbsp;<\/p>","protected":false},"excerpt":{"rendered":"<p>Durant tot el projecte es faran una s\u00e8rie de xerrades i tallers interactius a les biblioteques o centres c\u00edvics de diferents poblacions de les comarques del Baix Ebre i la Ribera d\u2019Ebre. L\u2019objectiu d\u2019aquestes activitats \u00e9s donar a con\u00e8ixer el patrimoni natural mar\u00ed i costaner de les comarques de l\u2019Ebre, aix\u00ed com la recerca cient\u00edfica&hellip;<\/p>","protected":false},"author":1,"featured_media":160,"comment_status":"open","ping_status":"open","sticky":false,"template":"","format":"standard","meta":[],"categories":[1],"tags":[],"yoast_head":"<!-- This site is optimized with the Yoast SEO plugin v16.0.1 - https:\/\/yoast.com\/wordpress\/plugins\/seo\/ -->\n<title>Mar, Ci\u00e8ncia i les Terres de l&#039;Ebre | Escoles Blaves<\/title>\n<link rel=\"canonical\" href=\"http:\/\/www.escolesblaves.cat\/en\/2017\/05\/17\/mar-ciencia-terres-lebre\/\" \/>\n<meta property=\"og:locale\" content=\"en_GB\" \/>\n<meta property=\"og:type\" content=\"article\" \/>\n<meta property=\"og:title\" content=\"Mar, Ci\u00e8ncia i les Terres de l&#039;Ebre | Escoles Blaves\" \/>\n<meta property=\"og:description\" content=\"Durant tot el projecte es faran una s\u00e8rie de xerrades i tallers interactius a les biblioteques o centres c\u00edvics de diferents poblacions de les comarques del Baix Ebre i la Ribera d\u2019Ebre. L\u2019objectiu d\u2019aquestes activitats \u00e9s donar a con\u00e8ixer el patrimoni natural mar\u00ed i costaner de les comarques de l\u2019Ebre, aix\u00ed com la recerca cient\u00edfica&hellip;\" \/>\n<meta property=\"og:url\" content=\"http:\/\/www.escolesblaves.cat\/en\/2017\/05\/17\/mar-ciencia-terres-lebre\/\" \/>\n<meta property=\"og:site_name\" content=\"Escoles Blaves\" \/>\n<meta property=\"article:publisher\" content=\"https:\/\/www.facebook.com\/PlanctonDivulgacioIServeisMarins\" \/>\n<meta property=\"article:published_time\" content=\"2017-05-17T10:10:22+00:00\" \/>\n<meta property=\"article:modified_time\" content=\"2017-05-17T12:41:29+00:00\" \/>\n<meta property=\"og:image\" content=\"https:\/\/www.escolesblaves.cat\/wp-content\/uploads\/2017\/05\/Cartells-Xerrades-biblioteques-04.png\" \/>\n\t<meta property=\"og:image:width\" content=\"1240\" \/>\n\t<meta property=\"og:image:height\" content=\"1754\" \/>\n<meta name=\"twitter:card\" content=\"summary\" \/>\n<meta name=\"twitter:creator\" content=\"@planctondivulga\" \/>\n<meta name=\"twitter:site\" content=\"@planctondivulga\" \/>\n<meta name=\"twitter:label1\" content=\"Estimated reading time\">\n\t<meta name=\"twitter:data1\" content=\"1 minute\">\n<script type=\"application\/ld+json\" class=\"yoast-schema-graph\">{\"@context\":\"https:\/\/schema.org\",\"@graph\":[{\"@type\":\"Organization\",\"@id\":\"https:\/\/www.escolesblaves.cat\/#organization\",\"name\":\"Escoles blaves\",\"url\":\"https:\/\/www.escolesblaves.cat\/\",\"sameAs\":[\"https:\/\/www.facebook.com\/PlanctonDivulgacioIServeisMarins\",\"http:\/\/www.instagram.com\/planctondivulga\",\"https:\/\/twitter.com\/planctondivulga\"],\"logo\":{\"@type\":\"ImageObject\",\"@id\":\"https:\/\/www.escolesblaves.cat\/#logo\",\"inLanguage\":\"en-GB\",\"url\":\"https:\/\/www.escolesblaves.cat\/wp-content\/uploads\/2017\/05\/logo-web-01-01-01.png\",\"width\":208,\"height\":99,\"caption\":\"Escoles blaves\"},\"image\":{\"@id\":\"https:\/\/www.escolesblaves.cat\/#logo\"}},{\"@type\":\"WebSite\",\"@id\":\"https:\/\/www.escolesblaves.cat\/#website\",\"url\":\"https:\/\/www.escolesblaves.cat\/\",\"name\":\"Escoles Blaves\",\"description\":\"Apropem el mar a les Terres de l&#039;Ebre\",\"publisher\":{\"@id\":\"https:\/\/www.escolesblaves.cat\/#organization\"},\"potentialAction\":[{\"@type\":\"SearchAction\",\"target\":\"https:\/\/www.escolesblaves.cat\/?s={search_term_string}\",\"query-input\":\"required name=search_term_string\"}],\"inLanguage\":\"en-GB\"},{\"@type\":\"ImageObject\",\"@id\":\"https:\/\/www.escolesblaves.cat\/2017\/05\/17\/mar-ciencia-terres-lebre\/#primaryimage\",\"inLanguage\":\"en-GB\",\"url\":\"https:\/\/www.escolesblaves.cat\/wp-content\/uploads\/2017\/05\/Cartells-Xerrades-biblioteques-04.png\",\"width\":1240,\"height\":1754},{\"@type\":\"WebPage\",\"@id\":\"https:\/\/www.escolesblaves.cat\/2017\/05\/17\/mar-ciencia-terres-lebre\/#webpage\",\"url\":\"https:\/\/www.escolesblaves.cat\/2017\/05\/17\/mar-ciencia-terres-lebre\/\",\"name\":\"Mar, Ci\\u00e8ncia i les Terres de l'Ebre | Escoles Blaves\",\"isPartOf\":{\"@id\":\"https:\/\/www.escolesblaves.cat\/#website\"},\"primaryImageOfPage\":{\"@id\":\"https:\/\/www.escolesblaves.cat\/2017\/05\/17\/mar-ciencia-terres-lebre\/#primaryimage\"},\"datePublished\":\"2017-05-17T10:10:22+00:00\",\"dateModified\":\"2017-05-17T12:41:29+00:00\",\"breadcrumb\":{\"@id\":\"https:\/\/www.escolesblaves.cat\/2017\/05\/17\/mar-ciencia-terres-lebre\/#breadcrumb\"},\"inLanguage\":\"en-GB\",\"potentialAction\":[{\"@type\":\"ReadAction\",\"target\":[\"https:\/\/www.escolesblaves.cat\/2017\/05\/17\/mar-ciencia-terres-lebre\/\"]}]},{\"@type\":\"BreadcrumbList\",\"@id\":\"https:\/\/www.escolesblaves.cat\/2017\/05\/17\/mar-ciencia-terres-lebre\/#breadcrumb\",\"itemListElement\":[{\"@type\":\"ListItem\",\"position\":1,\"item\":{\"@type\":\"WebPage\",\"@id\":\"https:\/\/www.escolesblaves.cat\/\",\"url\":\"https:\/\/www.escolesblaves.cat\/\",\"name\":\"Inici\"}},{\"@type\":\"ListItem\",\"position\":2,\"item\":{\"@type\":\"WebPage\",\"@id\":\"https:\/\/www.escolesblaves.cat\/2017\/05\/17\/mar-ciencia-terres-lebre\/\",\"url\":\"https:\/\/www.escolesblaves.cat\/2017\/05\/17\/mar-ciencia-terres-lebre\/\",\"name\":\"Mar, Ci\\u00e8ncia i les Terres de l&#8217;Ebre\"}}]},{\"@type\":\"Article\",\"@id\":\"https:\/\/www.escolesblaves.cat\/2017\/05\/17\/mar-ciencia-terres-lebre\/#article\",\"isPartOf\":{\"@id\":\"https:\/\/www.escolesblaves.cat\/2017\/05\/17\/mar-ciencia-terres-lebre\/#webpage\"},\"author\":{\"@id\":\"https:\/\/www.escolesblaves.cat\/#\/schema\/person\/c2b74b2e4149ffacb57109ddd3742ce6\"},\"headline\":\"Mar, Ci\\u00e8ncia i les Terres de l&#8217;Ebre\",\"datePublished\":\"2017-05-17T10:10:22+00:00\",\"dateModified\":\"2017-05-17T12:41:29+00:00\",\"mainEntityOfPage\":{\"@id\":\"https:\/\/www.escolesblaves.cat\/2017\/05\/17\/mar-ciencia-terres-lebre\/#webpage\"},\"commentCount\":0,\"publisher\":{\"@id\":\"https:\/\/www.escolesblaves.cat\/#organization\"},\"image\":{\"@id\":\"https:\/\/www.escolesblaves.cat\/2017\/05\/17\/mar-ciencia-terres-lebre\/#primaryimage\"},\"articleSection\":\"Uncategorized\",\"inLanguage\":\"en-GB\",\"potentialAction\":[{\"@type\":\"CommentAction\",\"name\":\"Comment\",\"target\":[\"https:\/\/www.escolesblaves.cat\/2017\/05\/17\/mar-ciencia-terres-lebre\/#respond\"]}]},{\"@type\":\"Person\",\"@id\":\"https:\/\/www.escolesblaves.cat\/#\/schema\/person\/c2b74b2e4149ffacb57109ddd3742ce6\",\"name\":\"Escoles Blaves\",\"image\":{\"@type\":\"ImageObject\",\"@id\":\"https:\/\/www.escolesblaves.cat\/#personlogo\",\"inLanguage\":\"en-GB\",\"url\":\"http:\/\/2.gravatar.com\/avatar\/5361a3db02885e8475aad5db5b16071d?s=96&d=mm&r=g\",\"caption\":\"Escoles Blaves\"}}]}<\/script>\n<!-- \/ Yoast SEO plugin. -->","_links":{"self":[{"href":"http:\/\/www.escolesblaves.cat\/en\/wp-json\/wp\/v2\/posts\/179"}],"collection":[{"href":"http:\/\/www.escolesblaves.cat\/en\/wp-json\/wp\/v2\/posts"}],"about":[{"href":"http:\/\/www.escolesblaves.cat\/en\/wp-json\/wp\/v2\/types\/post"}],"author":[{"embeddable":true,"href":"http:\/\/www.escolesblaves.cat\/en\/wp-json\/wp\/v2\/users\/1"}],"replies":[{"embeddable":true,"href":"http:\/\/www.escolesblaves.cat\/en\/wp-json\/wp\/v2\/comments?post=179"}],"version-history":[{"count":7,"href":"http:\/\/www.escolesblaves.cat\/en\/wp-json\/wp\/v2\/posts\/179\/revisions"}],"predecessor-version":[{"id":214,"href":"http:\/\/www.escolesblaves.cat\/en\/wp-json\/wp\/v2\/posts\/179\/revisions\/214"}],"wp:featuredmedia":[{"embeddable":true,"href":"http:\/\/www.escolesblaves.cat\/en\/wp-json\/wp\/v2\/media\/160"}],"wp:attachment":[{"href":"http:\/\/www.escolesblaves.cat\/en\/wp-json\/wp\/v2\/media?parent=179"}],"wp:term":[{"taxonomy":"category","embeddable":true,"href":"http:\/\/www.escolesblaves.cat\/en\/wp-json\/wp\/v2\/categories?post=179"},{"taxonomy":"post_tag","embeddable":true,"href":"http:\/\/www.escolesblaves.cat\/en\/wp-json\/wp\/v2\/tags?post=179"}],"curies":[{"name":"wp","href":"https:\/\/api.w.org\/{rel}","templated":true}]}}